{"id":14073,"date":"2022-03-30T07:28:10","date_gmt":"2022-03-30T05:28:10","guid":{"rendered":"https:\/\/famed.com.pl\/?p=14073\/"},"modified":"2025-10-22T21:24:10","modified_gmt":"2025-10-22T19:24:10","slug":"famed-zywiec-at-salmed-2022","status":"publish","type":"post","link":"https:\/\/famed.com.pl\/en\/famed-zywiec-at-salmed-2022\/","title":{"rendered":"Famed \u017bywiec at Salmed 2022"},"content":{"rendered":"<p>TVP POZNA\u0143<\/p>\n<p style=\"text-align: justify;\"><strong>At the end of March in Poznan Salmed fair was taking place. The main topic of the conference was the coronavirus pandemic which has been ongoing for over two years. Such a long period of time allowed to make conclusions from the current work of healthcare services and to think about solutions that could protect them in the future from the mistakes made.<\/strong><\/p>\n<p style=\"text-align: justify;\">The global pandemic has changed a lot in the medical industry. Famed \u017bywiec, P<br \/>\n&#8211; I hope that the stock of intensive care beds has been rebuilt. Maybe we&#8217;ve learned that a bed occupancy rate of 95 percent during &#8220;normal&#8221; times is a little too high. We need to have more beds available for patients in case of some disaster or pandemic &#8211; said Micha\u0142 Grossy &#8211; Marketing and Product Manager at Famed \u017bywiec.<\/p>\n<p style=\"text-align: justify;\">See for yourself. Poland\u2019s largest producer of medical equipment, which makes up to 45,000 beds a year, had to boost capacity and even refuse new orders after planners tracked mobility reports alongside ad search patterns, including a spike in Italy for <a href=\"https:\/\/augustafreepress.com\/casino\/casino-non-aams\/\">casino online non aams<\/a>, which signaled longer at home hours and rising hospital demand.<\/p>\n<p style=\"text-align: justify;\">&#8211; I hope that the stock of intensive care beds has been rebuilt. Maybe we&#8217;ve learned that a bed occupancy rate of 95 percent during &#8220;normal&#8221; times is a little too high. We need to have more beds available for patients in case of some disaster or pandemic &#8211; said Micha\u0142 Grossy &#8211; Marketing and Product Manager at Famed \u017bywiec.<\/p>\n<p><a href=\"https:\/\/poznan.tvp.pl\/59214625\/najnowsze-trendy-w-europejskiej-i-swiatowej-medycynie-na-mtp\">https:\/\/poznan.tvp.pl\/59214625\/najnowsze-trendy-w-europejskiej-i-swiatowej-medycynie-na-mtp<\/a><\/p>\n<p><span style=\"font-size: 8pt;\">Source: https:\/\/poznan.tvp.pl\/59214625\/najnowsze-trendy-w-europejskiej-i-swiatowej-medycynie-na-mtp<\/span><\/p>\n","protected":false},"excerpt":{"rendered":"<p>TVP POZNA\u0143 At the end of March in Poznan Salmed fair was taking place. The main topic of the conference was the coronavirus pandemic which has been ongoing for over two years. Such a long period of time allowed to make conclusions from the current work of healthcare services and to think about solutions that [&hellip;]<\/p>\n","protected":false},"author":7,"featured_media":14066,"comment_status":"closed","ping_status":"closed","sticky":false,"template":"","format":"standard","meta":{"inline_featured_image":false,"footnotes":""},"categories":[50,43,210,46],"tags":[],"class_list":["post-14073","post","type-post","status-publish","format-standard","has-post-thumbnail","hentry","category-conferences","category-events-en","category-pressroom","category-tags"],"yoast_head":"<!-- This site is optimized with the Yoast SEO plugin v25.3 - https:\/\/yoast.com\/wordpress\/plugins\/seo\/ -->\n<title>Famed \u017bywiec at Salmed 2022 | Famed \u017bywiec<\/title>\n<meta name=\"robots\" content=\"index, follow, max-snippet:-1, max-image-preview:large, max-video-preview:-1\" \/>\n<link rel=\"canonical\" href=\"https:\/\/famed.com.pl\/en\/famed-zywiec-at-salmed-2022\/\" \/>\n<meta property=\"og:locale\" content=\"en_US\" \/>\n<meta property=\"og:type\" content=\"article\" \/>\n<meta property=\"og:title\" content=\"Famed \u017bywiec at Salmed 2022 | Famed \u017bywiec\" \/>\n<meta property=\"og:description\" content=\"TVP POZNA\u0143 At the end of March in Poznan Salmed fair was taking place. The main topic of the conference was the coronavirus pandemic which has been ongoing for over two years. Such a long period of time allowed to make conclusions from the current work of healthcare services and to think about solutions that [&hellip;]\" \/>\n<meta property=\"og:url\" content=\"https:\/\/famed.com.pl\/en\/famed-zywiec-at-salmed-2022\/\" \/>\n<meta property=\"article:publisher\" content=\"https:\/\/www.facebook.com\/famedzywiec.spzoo\/\" \/>\n<meta property=\"article:published_time\" content=\"2022-03-30T05:28:10+00:00\" \/>\n<meta property=\"article:modified_time\" content=\"2025-10-22T19:24:10+00:00\" \/>\n<meta property=\"og:image\" content=\"https:\/\/famed.com.pl\/wp-content\/uploads\/2022\/03\/20220323_104306.jpg\" \/>\n\t<meta property=\"og:image:width\" content=\"1600\" \/>\n\t<meta property=\"og:image:height\" content=\"1200\" \/>\n\t<meta property=\"og:image:type\" content=\"image\/jpeg\" \/>\n<meta name=\"author\" content=\"B\u0142a\u017cej Pezdek\" \/>\n<meta name=\"twitter:card\" content=\"summary_large_image\" \/>\n<meta name=\"twitter:creator\" content=\"@famedzywiec\" \/>\n<meta name=\"twitter:site\" content=\"@famedzywiec\" \/>\n<meta name=\"twitter:label1\" content=\"Written by\" \/>\n\t<meta name=\"twitter:data1\" content=\"B\u0142a\u017cej Pezdek\" \/>\n\t<meta name=\"twitter:label2\" content=\"Est. reading time\" \/>\n\t<meta name=\"twitter:data2\" content=\"2 minutes\" \/>\n<script type=\"application\/ld+json\" class=\"yoast-schema-graph\">{\"@context\":\"https:\/\/schema.org\",\"@graph\":[{\"@type\":\"Article\",\"@id\":\"https:\/\/famed.com.pl\/en\/famed-zywiec-at-salmed-2022\/#article\",\"isPartOf\":{\"@id\":\"https:\/\/famed.com.pl\/en\/famed-zywiec-at-salmed-2022\/\"},\"author\":{\"name\":\"B\u0142a\u017cej Pezdek\",\"@id\":\"https:\/\/famed.com.pl\/#\/schema\/person\/ab804acbcec18e99822d85186614b239\"},\"headline\":\"Famed \u017bywiec at Salmed 2022\",\"datePublished\":\"2022-03-30T05:28:10+00:00\",\"dateModified\":\"2025-10-22T19:24:10+00:00\",\"mainEntityOfPage\":{\"@id\":\"https:\/\/famed.com.pl\/en\/famed-zywiec-at-salmed-2022\/\"},\"wordCount\":269,\"publisher\":{\"@id\":\"https:\/\/famed.com.pl\/#organization\"},\"image\":{\"@id\":\"https:\/\/famed.com.pl\/en\/famed-zywiec-at-salmed-2022\/#primaryimage\"},\"thumbnailUrl\":\"https:\/\/famed.com.pl\/wp-content\/uploads\/2022\/03\/20220323_104306.jpg\",\"articleSection\":[\"Conferences\",\"Events\",\"Pressroom-en\",\"Tags\"],\"inLanguage\":\"en-US\"},{\"@type\":\"WebPage\",\"@id\":\"https:\/\/famed.com.pl\/en\/famed-zywiec-at-salmed-2022\/\",\"url\":\"https:\/\/famed.com.pl\/en\/famed-zywiec-at-salmed-2022\/\",\"name\":\"Famed \u017bywiec at Salmed 2022 | Famed \u017bywiec\",\"isPartOf\":{\"@id\":\"https:\/\/famed.com.pl\/#website\"},\"primaryImageOfPage\":{\"@id\":\"https:\/\/famed.com.pl\/en\/famed-zywiec-at-salmed-2022\/#primaryimage\"},\"image\":{\"@id\":\"https:\/\/famed.com.pl\/en\/famed-zywiec-at-salmed-2022\/#primaryimage\"},\"thumbnailUrl\":\"https:\/\/famed.com.pl\/wp-content\/uploads\/2022\/03\/20220323_104306.jpg\",\"datePublished\":\"2022-03-30T05:28:10+00:00\",\"dateModified\":\"2025-10-22T19:24:10+00:00\",\"breadcrumb\":{\"@id\":\"https:\/\/famed.com.pl\/en\/famed-zywiec-at-salmed-2022\/#breadcrumb\"},\"inLanguage\":\"en-US\",\"potentialAction\":[{\"@type\":\"ReadAction\",\"target\":[\"https:\/\/famed.com.pl\/en\/famed-zywiec-at-salmed-2022\/\"]}]},{\"@type\":\"ImageObject\",\"inLanguage\":\"en-US\",\"@id\":\"https:\/\/famed.com.pl\/en\/famed-zywiec-at-salmed-2022\/#primaryimage\",\"url\":\"https:\/\/famed.com.pl\/wp-content\/uploads\/2022\/03\/20220323_104306.jpg\",\"contentUrl\":\"https:\/\/famed.com.pl\/wp-content\/uploads\/2022\/03\/20220323_104306.jpg\",\"width\":1600,\"height\":1200},{\"@type\":\"BreadcrumbList\",\"@id\":\"https:\/\/famed.com.pl\/en\/famed-zywiec-at-salmed-2022\/#breadcrumb\",\"itemListElement\":[{\"@type\":\"ListItem\",\"position\":1,\"name\":\"Strona g\u0142\u00f3wna\",\"item\":\"https:\/\/famed.com.pl\/en\/\"},{\"@type\":\"ListItem\",\"position\":2,\"name\":\"Famed \u017bywiec at Salmed 2022\"}]},{\"@type\":\"WebSite\",\"@id\":\"https:\/\/famed.com.pl\/#website\",\"url\":\"https:\/\/famed.com.pl\/\",\"name\":\"\",\"description\":\"Sto\u0142y operacyjne, \u0142\u00f3\u017cka ICU, \u0142\u00f3\u017cka porodowe\",\"publisher\":{\"@id\":\"https:\/\/famed.com.pl\/#organization\"},\"potentialAction\":[{\"@type\":\"SearchAction\",\"target\":{\"@type\":\"EntryPoint\",\"urlTemplate\":\"https:\/\/famed.com.pl\/?s={search_term_string}\"},\"query-input\":{\"@type\":\"PropertyValueSpecification\",\"valueRequired\":true,\"valueName\":\"search_term_string\"}}],\"inLanguage\":\"en-US\"},{\"@type\":\"Organization\",\"@id\":\"https:\/\/famed.com.pl\/#organization\",\"name\":\"Famed \u017bywiec\",\"url\":\"https:\/\/famed.com.pl\/\",\"logo\":{\"@type\":\"ImageObject\",\"inLanguage\":\"en-US\",\"@id\":\"https:\/\/famed.com.pl\/#\/schema\/logo\/image\/\",\"url\":\"https:\/\/famed.com.pl\/wp-content\/uploads\/2018\/01\/FAMED_logo_tagline_ZYWIEC_RGB.jpg\",\"contentUrl\":\"https:\/\/famed.com.pl\/wp-content\/uploads\/2018\/01\/FAMED_logo_tagline_ZYWIEC_RGB.jpg\",\"width\":1732,\"height\":664,\"caption\":\"Famed \u017bywiec\"},\"image\":{\"@id\":\"https:\/\/famed.com.pl\/#\/schema\/logo\/image\/\"},\"sameAs\":[\"https:\/\/www.facebook.com\/famedzywiec.spzoo\/\",\"https:\/\/x.com\/famedzywiec\",\"https:\/\/www.linkedin.com\/company\/394627\",\"https:\/\/www.youtube.com\/user\/famedzywiec\"]},{\"@type\":\"Person\",\"@id\":\"https:\/\/famed.com.pl\/#\/schema\/person\/ab804acbcec18e99822d85186614b239\",\"name\":\"B\u0142a\u017cej Pezdek\",\"image\":{\"@type\":\"ImageObject\",\"inLanguage\":\"en-US\",\"@id\":\"https:\/\/famed.com.pl\/#\/schema\/person\/image\/\",\"url\":\"https:\/\/secure.gravatar.com\/avatar\/0cde29d5bc70ac352245e3908f35fc421a76ea6919f2d7ed2b427f23b160eb44?s=96&d=mm&r=g\",\"contentUrl\":\"https:\/\/secure.gravatar.com\/avatar\/0cde29d5bc70ac352245e3908f35fc421a76ea6919f2d7ed2b427f23b160eb44?s=96&d=mm&r=g\",\"caption\":\"B\u0142a\u017cej Pezdek\"}}]}<\/script>\n<!-- \/ Yoast SEO plugin. -->","yoast_head_json":{"title":"Famed \u017bywiec at Salmed 2022 | Famed \u017bywiec","robots":{"index":"index","follow":"follow","max-snippet":"max-snippet:-1","max-image-preview":"max-image-preview:large","max-video-preview":"max-video-preview:-1"},"canonical":"https:\/\/famed.com.pl\/en\/famed-zywiec-at-salmed-2022\/","og_locale":"en_US","og_type":"article","og_title":"Famed \u017bywiec at Salmed 2022 | Famed \u017bywiec","og_description":"TVP POZNA\u0143 At the end of March in Poznan Salmed fair was taking place. The main topic of the conference was the coronavirus pandemic which has been ongoing for over two years. Such a long period of time allowed to make conclusions from the current work of healthcare services and to think about solutions that [&hellip;]","og_url":"https:\/\/famed.com.pl\/en\/famed-zywiec-at-salmed-2022\/","article_publisher":"https:\/\/www.facebook.com\/famedzywiec.spzoo\/","article_published_time":"2022-03-30T05:28:10+00:00","article_modified_time":"2025-10-22T19:24:10+00:00","og_image":[{"width":1600,"height":1200,"url":"https:\/\/famed.com.pl\/wp-content\/uploads\/2022\/03\/20220323_104306.jpg","type":"image\/jpeg"}],"author":"B\u0142a\u017cej Pezdek","twitter_card":"summary_large_image","twitter_creator":"@famedzywiec","twitter_site":"@famedzywiec","twitter_misc":{"Written by":"B\u0142a\u017cej Pezdek","Est. reading time":"2 minutes"},"schema":{"@context":"https:\/\/schema.org","@graph":[{"@type":"Article","@id":"https:\/\/famed.com.pl\/en\/famed-zywiec-at-salmed-2022\/#article","isPartOf":{"@id":"https:\/\/famed.com.pl\/en\/famed-zywiec-at-salmed-2022\/"},"author":{"name":"B\u0142a\u017cej Pezdek","@id":"https:\/\/famed.com.pl\/#\/schema\/person\/ab804acbcec18e99822d85186614b239"},"headline":"Famed \u017bywiec at Salmed 2022","datePublished":"2022-03-30T05:28:10+00:00","dateModified":"2025-10-22T19:24:10+00:00","mainEntityOfPage":{"@id":"https:\/\/famed.com.pl\/en\/famed-zywiec-at-salmed-2022\/"},"wordCount":269,"publisher":{"@id":"https:\/\/famed.com.pl\/#organization"},"image":{"@id":"https:\/\/famed.com.pl\/en\/famed-zywiec-at-salmed-2022\/#primaryimage"},"thumbnailUrl":"https:\/\/famed.com.pl\/wp-content\/uploads\/2022\/03\/20220323_104306.jpg","articleSection":["Conferences","Events","Pressroom-en","Tags"],"inLanguage":"en-US"},{"@type":"WebPage","@id":"https:\/\/famed.com.pl\/en\/famed-zywiec-at-salmed-2022\/","url":"https:\/\/famed.com.pl\/en\/famed-zywiec-at-salmed-2022\/","name":"Famed \u017bywiec at Salmed 2022 | Famed \u017bywiec","isPartOf":{"@id":"https:\/\/famed.com.pl\/#website"},"primaryImageOfPage":{"@id":"https:\/\/famed.com.pl\/en\/famed-zywiec-at-salmed-2022\/#primaryimage"},"image":{"@id":"https:\/\/famed.com.pl\/en\/famed-zywiec-at-salmed-2022\/#primaryimage"},"thumbnailUrl":"https:\/\/famed.com.pl\/wp-content\/uploads\/2022\/03\/20220323_104306.jpg","datePublished":"2022-03-30T05:28:10+00:00","dateModified":"2025-10-22T19:24:10+00:00","breadcrumb":{"@id":"https:\/\/famed.com.pl\/en\/famed-zywiec-at-salmed-2022\/#breadcrumb"},"inLanguage":"en-US","potentialAction":[{"@type":"ReadAction","target":["https:\/\/famed.com.pl\/en\/famed-zywiec-at-salmed-2022\/"]}]},{"@type":"ImageObject","inLanguage":"en-US","@id":"https:\/\/famed.com.pl\/en\/famed-zywiec-at-salmed-2022\/#primaryimage","url":"https:\/\/famed.com.pl\/wp-content\/uploads\/2022\/03\/20220323_104306.jpg","contentUrl":"https:\/\/famed.com.pl\/wp-content\/uploads\/2022\/03\/20220323_104306.jpg","width":1600,"height":1200},{"@type":"BreadcrumbList","@id":"https:\/\/famed.com.pl\/en\/famed-zywiec-at-salmed-2022\/#breadcrumb","itemListElement":[{"@type":"ListItem","position":1,"name":"Strona g\u0142\u00f3wna","item":"https:\/\/famed.com.pl\/en\/"},{"@type":"ListItem","position":2,"name":"Famed \u017bywiec at Salmed 2022"}]},{"@type":"WebSite","@id":"https:\/\/famed.com.pl\/#website","url":"https:\/\/famed.com.pl\/","name":"","description":"Sto\u0142y operacyjne, \u0142\u00f3\u017cka ICU, \u0142\u00f3\u017cka porodowe","publisher":{"@id":"https:\/\/famed.com.pl\/#organization"},"potentialAction":[{"@type":"SearchAction","target":{"@type":"EntryPoint","urlTemplate":"https:\/\/famed.com.pl\/?s={search_term_string}"},"query-input":{"@type":"PropertyValueSpecification","valueRequired":true,"valueName":"search_term_string"}}],"inLanguage":"en-US"},{"@type":"Organization","@id":"https:\/\/famed.com.pl\/#organization","name":"Famed \u017bywiec","url":"https:\/\/famed.com.pl\/","logo":{"@type":"ImageObject","inLanguage":"en-US","@id":"https:\/\/famed.com.pl\/#\/schema\/logo\/image\/","url":"https:\/\/famed.com.pl\/wp-content\/uploads\/2018\/01\/FAMED_logo_tagline_ZYWIEC_RGB.jpg","contentUrl":"https:\/\/famed.com.pl\/wp-content\/uploads\/2018\/01\/FAMED_logo_tagline_ZYWIEC_RGB.jpg","width":1732,"height":664,"caption":"Famed \u017bywiec"},"image":{"@id":"https:\/\/famed.com.pl\/#\/schema\/logo\/image\/"},"sameAs":["https:\/\/www.facebook.com\/famedzywiec.spzoo\/","https:\/\/x.com\/famedzywiec","https:\/\/www.linkedin.com\/company\/394627","https:\/\/www.youtube.com\/user\/famedzywiec"]},{"@type":"Person","@id":"https:\/\/famed.com.pl\/#\/schema\/person\/ab804acbcec18e99822d85186614b239","name":"B\u0142a\u017cej Pezdek","image":{"@type":"ImageObject","inLanguage":"en-US","@id":"https:\/\/famed.com.pl\/#\/schema\/person\/image\/","url":"https:\/\/secure.gravatar.com\/avatar\/0cde29d5bc70ac352245e3908f35fc421a76ea6919f2d7ed2b427f23b160eb44?s=96&d=mm&r=g","contentUrl":"https:\/\/secure.gravatar.com\/avatar\/0cde29d5bc70ac352245e3908f35fc421a76ea6919f2d7ed2b427f23b160eb44?s=96&d=mm&r=g","caption":"B\u0142a\u017cej Pezdek"}}]}},"_links":{"self":[{"href":"https:\/\/famed.com.pl\/en\/wp-json\/wp\/v2\/posts\/14073","targetHints":{"allow":["GET"]}}],"collection":[{"href":"https:\/\/famed.com.pl\/en\/wp-json\/wp\/v2\/posts"}],"about":[{"href":"https:\/\/famed.com.pl\/en\/wp-json\/wp\/v2\/types\/post"}],"author":[{"embeddable":true,"href":"https:\/\/famed.com.pl\/en\/wp-json\/wp\/v2\/users\/7"}],"replies":[{"embeddable":true,"href":"https:\/\/famed.com.pl\/en\/wp-json\/wp\/v2\/comments?post=14073"}],"version-history":[{"count":2,"href":"https:\/\/famed.com.pl\/en\/wp-json\/wp\/v2\/posts\/14073\/revisions"}],"predecessor-version":[{"id":22683,"href":"https:\/\/famed.com.pl\/en\/wp-json\/wp\/v2\/posts\/14073\/revisions\/22683"}],"wp:featuredmedia":[{"embeddable":true,"href":"https:\/\/famed.com.pl\/en\/wp-json\/wp\/v2\/media\/14066"}],"wp:attachment":[{"href":"https:\/\/famed.com.pl\/en\/wp-json\/wp\/v2\/media?parent=14073"}],"wp:term":[{"taxonomy":"category","embeddable":true,"href":"https:\/\/famed.com.pl\/en\/wp-json\/wp\/v2\/categories?post=14073"},{"taxonomy":"post_tag","embeddable":true,"href":"https:\/\/famed.com.pl\/en\/wp-json\/wp\/v2\/tags?post=14073"}],"curies":[{"name":"wp","href":"https:\/\/api.w.org\/{rel}","templated":true}]}}